{"id":944,"date":"2025-09-15T15:34:57","date_gmt":"2025-09-15T13:34:57","guid":{"rendered":"https:\/\/www.pyrenes-sciences.fr\/wp0\/?p=944"},"modified":"2025-09-30T15:52:32","modified_gmt":"2025-09-30T13:52:32","slug":"fete-de-la-science-2025","status":"publish","type":"post","link":"https:\/\/www.pyrenes-sciences.fr\/wp0\/fete-de-la-science-2025\/","title":{"rendered":"F\u00caTE DE LA SCIENCE 2025"},"content":{"rendered":"\n<table style=\"border-collapse: collapse; width: 100%;\">\n<tbody>\n<tr>\n<td style=\"width: 40%;\"><a href=\"https:\/\/www.pyrenes-sciences.fr\/wp0\/wp-content\/uploads\/2025\/09\/fds-visuel1.png\"><img loading=\"lazy\" decoding=\"async\" class=\"aligncenter  wp-image-989\" src=\"https:\/\/www.pyrenes-sciences.fr\/wp0\/wp-content\/uploads\/2025\/09\/fds-visuel1-300x285.png\" alt=\"\" width=\"216\" height=\"205\" srcset=\"https:\/\/www.pyrenes-sciences.fr\/wp0\/wp-content\/uploads\/2025\/09\/fds-visuel1-300x285.png 300w, https:\/\/www.pyrenes-sciences.fr\/wp0\/wp-content\/uploads\/2025\/09\/fds-visuel1.png 634w\" sizes=\"auto, (max-width: 216px) 100vw, 216px\" \/><\/a><\/td>\n<td style=\"width: 60%;\"><a href=\"https:\/\/www.pyrenes-sciences.fr\/wp0\/wp-content\/uploads\/2025\/09\/tete2.jpg\"><img loading=\"lazy\" decoding=\"async\" class=\"aligncenter  wp-image-987\" src=\"https:\/\/www.pyrenes-sciences.fr\/wp0\/wp-content\/uploads\/2025\/09\/tete2-300x129.jpg\" alt=\"\" width=\"497\" height=\"214\" srcset=\"https:\/\/www.pyrenes-sciences.fr\/wp0\/wp-content\/uploads\/2025\/09\/tete2-300x129.jpg 300w, https:\/\/www.pyrenes-sciences.fr\/wp0\/wp-content\/uploads\/2025\/09\/tete2-1024x442.jpg 1024w, https:\/\/www.pyrenes-sciences.fr\/wp0\/wp-content\/uploads\/2025\/09\/tete2-768x331.jpg 768w, https:\/\/www.pyrenes-sciences.fr\/wp0\/wp-content\/uploads\/2025\/09\/tete2-1536x663.jpg 1536w, https:\/\/www.pyrenes-sciences.fr\/wp0\/wp-content\/uploads\/2025\/09\/tete2.jpg 1780w\" sizes=\"auto, (max-width: 497px) 100vw, 497px\" \/><\/a><\/td>\n<\/tr>\n<\/tbody>\n<\/table>\n<p>Pour sa 34e \u00e9dition, la F\u00eate de la science vous donne rendez-vous du 3 au 13 octobre 2025 pour explorer toutes les Formes d\u2019intelligence et ce que signifie \u00eatre intelligent, au-del\u00e0 des fronti\u00e8res Humaines.<br>Initi\u00e9e par le Minist\u00e8re charg\u00e9 de l&rsquo;Enseignement sup\u00e9rieur et de la Recherche, la F\u00eate de la science c\u00e9l\u00e8bre les sciences, les techniques et les innovations.<\/p>\n\n\n\n<p>Comme c\u2019est le cas depuis plusieurs ann\u00e9es, Pyr\u00e8nes Sciences co-organisera en partenariat avec la Direction des Services D\u00e9partementaux de l\u2019\u00c9ducation Nationale le Village des Sciences aux Forges de Pyr\u00e8ne les 8, 9 et 10 octobre 2025.<\/p>\n<h3 style=\"text-align: center;\"><a href=\"https:\/\/www.pyrenes-sciences.fr\/wp0\/wp-content\/uploads\/2025\/09\/PlaquetteFDS2025.pdf\" target=\"_blank\" rel=\"noopener\">Pour d\u00e9couvrir le programme du Village des Sciences 2025 en Ari\u00e8ge, cliquez ICI<\/a><\/h3>\n<h2><a href=\"https:\/\/www.pyrenes-sciences.fr\/wp0\/wp-content\/uploads\/2025\/09\/couverture2025-1.jpg\"><br \/><img loading=\"lazy\" decoding=\"async\" class=\"aligncenter size-full wp-image-961\" src=\"https:\/\/www.pyrenes-sciences.fr\/wp0\/wp-content\/uploads\/2025\/09\/couverture2025-1.jpg\" alt=\"\" width=\"200\" height=\"288\" \/><\/a><\/h2>\n<ul>\n<li>\n<h2><strong>Des stands de d\u00e9couvertes, de manipulations propos\u00e9s par des associations ou des organismes scientifiques ainsi que par des classes des premier et second degr\u00e9s.<\/strong><\/h2>\n<\/li>\n<li>\n<h2><a href=\"https:\/\/www.pyrenes-sciences.fr\/wp0\/village-des-sciences-conferences-ouvertes-a-tous\/\"><strong>Des conf\u00e9rences ouvertes \u00e0 tous<\/strong><\/a><\/h2>\n<\/li>\n<li>\n<h2><a href=\"https:\/\/www.pyrenes-sciences.fr\/wp0\/soiree-scientifique-au-village-des-sciences-de-montgailhard\/\"><strong>Une soir\u00e9e scientifique le jeudi 9 octobre<\/strong><\/a><\/h2>\n<\/li>\n<\/ul>\n<p>\u00a0<\/p>\n\n\n\n<p>&nbsp;<\/p>\n\n\n\n\n","protected":false},"excerpt":{"rendered":"<p>Pour sa 34e \u00e9dition, la F\u00eate de la science vous donne rendez-vous du 3 au 13 octobre 2025 pour explorer toutes les Formes d\u2019intelligence et ce que signifie \u00eatre intelligent, au-del\u00e0 des fronti\u00e8res Humaines.Initi\u00e9e par le Minist\u00e8re charg\u00e9 de l&rsquo;Enseignement sup\u00e9rieur et de la Recherche, la F\u00eate de la science c\u00e9l\u00e8bre les sciences, les techniques [&hellip;]<\/p>\n","protected":false},"author":1,"featured_media":0,"comment_status":"closed","ping_status":"closed","sticky":true,"template":"","format":"standard","meta":{"footnotes":""},"categories":[4],"tags":[10,11],"class_list":["post-944","post","type-post","status-publish","format-standard","hentry","category-vds","tag-vds","tag-village-des-sciences"],"_links":{"self":[{"href":"https:\/\/www.pyrenes-sciences.fr\/wp0\/wp-json\/wp\/v2\/posts\/944","targetHints":{"allow":["GET"]}}],"collection":[{"href":"https:\/\/www.pyrenes-sciences.fr\/wp0\/wp-json\/wp\/v2\/posts"}],"about":[{"href":"https:\/\/www.pyrenes-sciences.fr\/wp0\/wp-json\/wp\/v2\/types\/post"}],"author":[{"embeddable":true,"href":"https:\/\/www.pyrenes-sciences.fr\/wp0\/wp-json\/wp\/v2\/users\/1"}],"replies":[{"embeddable":true,"href":"https:\/\/www.pyrenes-sciences.fr\/wp0\/wp-json\/wp\/v2\/comments?post=944"}],"version-history":[{"count":24,"href":"https:\/\/www.pyrenes-sciences.fr\/wp0\/wp-json\/wp\/v2\/posts\/944\/revisions"}],"predecessor-version":[{"id":1012,"href":"https:\/\/www.pyrenes-sciences.fr\/wp0\/wp-json\/wp\/v2\/posts\/944\/revisions\/1012"}],"wp:attachment":[{"href":"https:\/\/www.pyrenes-sciences.fr\/wp0\/wp-json\/wp\/v2\/media?parent=944"}],"wp:term":[{"taxonomy":"category","embeddable":true,"href":"https:\/\/www.pyrenes-sciences.fr\/wp0\/wp-json\/wp\/v2\/categories?post=944"},{"taxonomy":"post_tag","embeddable":true,"href":"https:\/\/www.pyrenes-sciences.fr\/wp0\/wp-json\/wp\/v2\/tags?post=944"}],"curies":[{"name":"wp","href":"https:\/\/api.w.org\/{rel}","templated":true}]}}