{"id":878,"date":"2023-09-22T19:31:46","date_gmt":"2023-09-22T17:31:46","guid":{"rendered":"https:\/\/www.pyrenes-sciences.fr\/wp0\/?p=878"},"modified":"2023-09-22T19:38:26","modified_gmt":"2023-09-22T17:38:26","slug":"village-des-sciences-2023","status":"publish","type":"post","link":"https:\/\/www.pyrenes-sciences.fr\/wp0\/village-des-sciences-2023\/","title":{"rendered":"Village des Sciences 2023"},"content":{"rendered":"\n<table style=\"border-collapse: collapse; width: 100%; height: 189px;\">\n<tbody>\n<tr style=\"height: 189px;\">\n<td style=\"width: 50%; height: 189px;\"><a href=\"https:\/\/www.pyrenes-sciences.fr\/wp0\/wp-content\/uploads\/2023\/09\/PlaquetteFDS2023-maquette.pdf\" target=\"_blank\" rel=\"noopener noreferrer\"><img loading=\"lazy\" decoding=\"async\" class=\"aligncenter  wp-image-872\" src=\"https:\/\/www.pyrenes-sciences.fr\/wp0\/wp-content\/uploads\/2023\/09\/1ercouv-246x300.jpg\" alt=\"\" width=\"153\" height=\"187\" srcset=\"https:\/\/www.pyrenes-sciences.fr\/wp0\/wp-content\/uploads\/2023\/09\/1ercouv-246x300.jpg 246w, https:\/\/www.pyrenes-sciences.fr\/wp0\/wp-content\/uploads\/2023\/09\/1ercouv.jpg 486w\" sizes=\"auto, (max-width: 153px) 100vw, 153px\" \/><\/a><\/td>\n<td style=\"width: 50%; text-align: center; height: 189px;\"><a href=\"https:\/\/www.pyrenes-sciences.fr\/wp0\/wp-content\/uploads\/2023\/09\/PlaquetteFDS2023-maquette.pdf\" target=\"_blank\" rel=\"noopener noreferrer\">Consulter le programme complet du village des sciences<\/a>\u00a0<\/td>\n<\/tr>\n<\/tbody>\n<\/table>\n<p style=\"text-align: center;\"><em><strong>Rendez-vous incontournable de l\u2019automne !<\/strong><\/em><br \/><em><strong> La 32\u00e8me \u00e9dition de la F\u00eate de la science se tient du 6 au 16 octobre partout en France.<\/strong><\/em><\/p>\n<p>Venez partager avec les exposants, leur enthousiasme pour les sciences, les techniques et les innovations \u00e0 travers de nombreuses animations gratuites autour de la culture scientifique, tout en conservant une approche ludique et festive.<\/p>\n","protected":false},"excerpt":{"rendered":"<p>Consulter le programme complet du village des sciences\u00a0 Rendez-vous incontournable de l\u2019automne ! La 32\u00e8me \u00e9dition de la F\u00eate de la science se tient du 6 au 16 octobre partout en France. Venez partager avec les exposants, leur enthousiasme pour les sciences, les techniques et les innovations \u00e0 travers de nombreuses animations gratuites autour de [&hellip;]<\/p>\n","protected":false},"author":1,"featured_media":872,"comment_status":"closed","ping_status":"closed","sticky":false,"template":"","format":"standard","meta":{"footnotes":""},"categories":[1],"tags":[],"class_list":["post-878","post","type-post","status-publish","format-standard","has-post-thumbnail","hentry","category-uncategorized"],"_links":{"self":[{"href":"https:\/\/www.pyrenes-sciences.fr\/wp0\/wp-json\/wp\/v2\/posts\/878","targetHints":{"allow":["GET"]}}],"collection":[{"href":"https:\/\/www.pyrenes-sciences.fr\/wp0\/wp-json\/wp\/v2\/posts"}],"about":[{"href":"https:\/\/www.pyrenes-sciences.fr\/wp0\/wp-json\/wp\/v2\/types\/post"}],"author":[{"embeddable":true,"href":"https:\/\/www.pyrenes-sciences.fr\/wp0\/wp-json\/wp\/v2\/users\/1"}],"replies":[{"embeddable":true,"href":"https:\/\/www.pyrenes-sciences.fr\/wp0\/wp-json\/wp\/v2\/comments?post=878"}],"version-history":[{"count":2,"href":"https:\/\/www.pyrenes-sciences.fr\/wp0\/wp-json\/wp\/v2\/posts\/878\/revisions"}],"predecessor-version":[{"id":881,"href":"https:\/\/www.pyrenes-sciences.fr\/wp0\/wp-json\/wp\/v2\/posts\/878\/revisions\/881"}],"wp:featuredmedia":[{"embeddable":true,"href":"https:\/\/www.pyrenes-sciences.fr\/wp0\/wp-json\/wp\/v2\/media\/872"}],"wp:attachment":[{"href":"https:\/\/www.pyrenes-sciences.fr\/wp0\/wp-json\/wp\/v2\/media?parent=878"}],"wp:term":[{"taxonomy":"category","embeddable":true,"href":"https:\/\/www.pyrenes-sciences.fr\/wp0\/wp-json\/wp\/v2\/categories?post=878"},{"taxonomy":"post_tag","embeddable":true,"href":"https:\/\/www.pyrenes-sciences.fr\/wp0\/wp-json\/wp\/v2\/tags?post=878"}],"curies":[{"name":"wp","href":"https:\/\/api.w.org\/{rel}","templated":true}]}}