{"id":832,"date":"2023-02-17T15:57:28","date_gmt":"2023-02-17T14:57:28","guid":{"rendered":"https:\/\/www.pyrenes-sciences.fr\/wp0\/?p=832"},"modified":"2024-04-23T18:32:36","modified_gmt":"2024-04-23T16:32:36","slug":"le-village-des-sciences-2022-en-video","status":"publish","type":"post","link":"https:\/\/www.pyrenes-sciences.fr\/wp0\/le-village-des-sciences-2022-en-video\/","title":{"rendered":"Le Village Des Sciences 2022 : vid\u00e9o, bilan, enqu\u00eates"},"content":{"rendered":"\n<table style=\"border-collapse: collapse; width: 100%;\">\n<tbody>\n<tr>\n<td style=\"width: 35%;\"><a href=\"http:\/\/www.viewpure.com\/cohrSHV4eWo?start=0&amp;end=0\" target=\"_blank\" rel=\"noopener noreferrer\"><img loading=\"lazy\" decoding=\"async\" class=\"aligncenter  wp-image-761\" src=\"https:\/\/www.pyrenes-sciences.fr\/wp0\/wp-content\/uploads\/2022\/09\/couv_2022-212x300.jpg\" alt=\"\" width=\"114\" height=\"161\" srcset=\"https:\/\/www.pyrenes-sciences.fr\/wp0\/wp-content\/uploads\/2022\/09\/couv_2022-212x300.jpg 212w, https:\/\/www.pyrenes-sciences.fr\/wp0\/wp-content\/uploads\/2022\/09\/couv_2022-724x1024.jpg 724w, https:\/\/www.pyrenes-sciences.fr\/wp0\/wp-content\/uploads\/2022\/09\/couv_2022-768x1086.jpg 768w, https:\/\/www.pyrenes-sciences.fr\/wp0\/wp-content\/uploads\/2022\/09\/couv_2022.jpg 794w\" sizes=\"auto, (max-width: 114px) 100vw, 114px\" \/><\/a><\/td>\n<td style=\"width: 65%; text-align: center;\"><strong>Retrouvez en vid\u00e9o le Village Des Sciences 2022 gr\u00e2ce au travail des \u00e9tudiants du BTS Tourisme du Lyc\u00e9e Gabriel Faur\u00e9 de Foix<\/strong><br \/><strong><a href=\"http:\/\/www.viewpure.com\/cohrSHV4eWo?start=0&amp;end=0\" target=\"_blank\" rel=\"noopener noreferrer\">Le Village des Sciences 2022 en vid\u00e9o<\/a><\/strong> (21 mn)<\/td>\n<\/tr>\n<\/tbody>\n<\/table>\n<p style=\"text-align: center;\">Tout au long de cet \u00e9v\u00e8nement, en partenariat avec <strong>azinat.com<\/strong>, ils ont \u00e9galement produit, chaque jour, de petits reportages que vous pouvez retrouver sur le site d&rsquo;Azinat en cliquant sur le lien ci-dessous :<\/p>\n<p style=\"text-align: center;\"><strong><a href=\"https:\/\/www.azinat.com\/actualites\/village-des-sciences\/\" target=\"_blank\" rel=\"noopener noreferrer\">Le Village Des Sciences au jour le jour<\/a><\/strong><\/p>\n<p>Les \u00e9tudiants ont \u00e9galement r\u00e9alis\u00e9 des enqu\u00eates de satisfaction que vous pouvez retrouver ci-dessous :<\/p>\n<ul>\n<li><a href=\"https:\/\/www.pyrenes-sciences.fr\/wp0\/wp-content\/uploads\/2023\/02\/Enquete_Enseignants.pdf\" target=\"_blank\" rel=\"noopener noreferrer\"><em>Enqu\u00eate aupr\u00e8s des enseignants venus visiter le Village des Sciences avec leurs \u00e9l\u00e8ves.<\/em><\/a><\/li>\n<li><a href=\"https:\/\/www.pyrenes-sciences.fr\/wp0\/wp-content\/uploads\/2023\/02\/Enquete_Exposants.pdf\" target=\"_blank\" rel=\"noopener noreferrer\"><em>Enqu\u00eate aupr\u00e8s des \u00ab\u00a0Exposants\u00a0\u00bb (associations, labos, coll\u00e8ges, \u00e9coles, &#8230;) venus pr\u00e9senter leurs travaux<\/em><\/a><em>.<\/em><\/li>\n<li><a href=\"https:\/\/www.pyrenes-sciences.fr\/wp0\/wp-content\/uploads\/2023\/02\/Enquete_visiteursLibres.pdf\" target=\"_blank\" rel=\"noopener noreferrer\"><em>Enqu\u00eate aupr\u00e8s des visiteurs\u00a0 hors \u00e9tablissement scolaire<\/em><\/a><\/li>\n<\/ul>\n<p style=\"text-align: center;\">=-=-=-=-=-=-=-=-=-=<\/p>\n<p style=\"text-align: left;\">Pour consulter le bilan de la F\u00eate De la Science 2022 en Ari\u00e8ge pr\u00e9sent\u00e9 le 2 f\u00e9vrier 2023, dans les locaux de la DSDEN 09 il vous suffit de cliquer sur le lien suivant : <strong><a href=\"https:\/\/www.pyrenes-sciences.fr\/wp0\/wp-content\/uploads\/2023\/02\/FDS-2022-Bilan-Ariege.pdf\" target=\"_blank\" rel=\"noopener noreferrer\">Bilan F\u00eate de\u00a0 la Sciences 2023 en Ari\u00e8ge<\/a><\/strong><\/p>\n<p>\u00a0<\/p>\n","protected":false},"excerpt":{"rendered":"<p>Retrouvez en vid\u00e9o le Village Des Sciences 2022 gr\u00e2ce au travail des \u00e9tudiants du BTS Tourisme du Lyc\u00e9e Gabriel Faur\u00e9 de FoixLe Village des Sciences 2022 en vid\u00e9o (21 mn) Tout au long de cet \u00e9v\u00e8nement, en partenariat avec azinat.com, ils ont \u00e9galement produit, chaque jour, de petits reportages que vous pouvez retrouver sur le [&hellip;]<\/p>\n","protected":false},"author":1,"featured_media":0,"comment_status":"closed","ping_status":"closed","sticky":false,"template":"","format":"standard","meta":{"footnotes":""},"categories":[9,4,20],"tags":[],"class_list":["post-832","post","type-post","status-publish","format-standard","hentry","category-en-ariege","category-vds","category-le-village-des-sciences-2022"],"_links":{"self":[{"href":"https:\/\/www.pyrenes-sciences.fr\/wp0\/wp-json\/wp\/v2\/posts\/832","targetHints":{"allow":["GET"]}}],"collection":[{"href":"https:\/\/www.pyrenes-sciences.fr\/wp0\/wp-json\/wp\/v2\/posts"}],"about":[{"href":"https:\/\/www.pyrenes-sciences.fr\/wp0\/wp-json\/wp\/v2\/types\/post"}],"author":[{"embeddable":true,"href":"https:\/\/www.pyrenes-sciences.fr\/wp0\/wp-json\/wp\/v2\/users\/1"}],"replies":[{"embeddable":true,"href":"https:\/\/www.pyrenes-sciences.fr\/wp0\/wp-json\/wp\/v2\/comments?post=832"}],"version-history":[{"count":30,"href":"https:\/\/www.pyrenes-sciences.fr\/wp0\/wp-json\/wp\/v2\/posts\/832\/revisions"}],"predecessor-version":[{"id":902,"href":"https:\/\/www.pyrenes-sciences.fr\/wp0\/wp-json\/wp\/v2\/posts\/832\/revisions\/902"}],"wp:attachment":[{"href":"https:\/\/www.pyrenes-sciences.fr\/wp0\/wp-json\/wp\/v2\/media?parent=832"}],"wp:term":[{"taxonomy":"category","embeddable":true,"href":"https:\/\/www.pyrenes-sciences.fr\/wp0\/wp-json\/wp\/v2\/categories?post=832"},{"taxonomy":"post_tag","embeddable":true,"href":"https:\/\/www.pyrenes-sciences.fr\/wp0\/wp-json\/wp\/v2\/tags?post=832"}],"curies":[{"name":"wp","href":"https:\/\/api.w.org\/{rel}","templated":true}]}}