{"id":80,"date":"2015-10-02T12:28:19","date_gmt":"2015-10-02T10:28:19","guid":{"rendered":"https:\/\/www.pyrenes-sciences.fr\/wp0\/?p=80"},"modified":"2020-10-02T11:13:25","modified_gmt":"2020-10-02T09:13:25","slug":"la-fete-de-la-science-en-ariege","status":"publish","type":"post","link":"https:\/\/www.pyrenes-sciences.fr\/wp0\/la-fete-de-la-science-en-ariege\/","title":{"rendered":"La f\u00eate de la science en Ari\u00e8ge"},"content":{"rendered":"<p><strong>Depuis plusieurs ann\u00e9es, en Ari\u00e8ge, cette f\u00eate de la science se d\u00e9cline sous la forme d&rsquo;un \u00ab\u00a0Village des sciences\u00a0\u00bb.<\/strong><\/p>\n<p><strong>C&rsquo;est l&rsquo;occasion pour des \u00e9coles, des coll\u00e8ges et des lyc\u00e9es d&rsquo;exposer mais surtout de partager leur travaux dans le domaine de la culture scientifique.<\/strong><\/p>\n<p><strong>Ce \u00ab\u00a0Village des sciences\u00a0\u00bb est l\u2019occasion de d\u00e9couvrir, comprendre, d\u00e9battre sur les sciences et les techniques, qui touchent tous les domaines de notre quotidien. C\u2019est une rencontre ludique et captivante (animations, ateliers, expositions, visites, conf\u00e9rences\u2026).<\/strong><\/p>\n<p>Articles sur ce site : <a href=\"https:\/\/www.pyrenes-sciences.fr\/wp0\/category\/vds\/en-ariege\/\">Les villages des Sciences en Ari\u00e8ge<\/a><\/p>\n<p>et sur Twitter :<\/p>\n<p><a href=\"https:\/\/twitter.com\/FeteSciences09\" target=\"_blank\" rel=\"noopener noreferrer\">Propos\u00e9 par DSDEN Ari\u00e8ge<\/a><\/p>\n<p><a href=\"https:\/\/twitter.com\/SciencesPyrene\" target=\"_blank\" rel=\"noopener noreferrer\">Propos\u00e9 par l&rsquo;association Pyr\u00e8nes Sciences<\/a><\/p>\n","protected":false},"excerpt":{"rendered":"<p>Depuis plusieurs ann\u00e9es, en Ari\u00e8ge, cette f\u00eate de la science se d\u00e9cline sous la forme d&rsquo;un \u00ab\u00a0Village des sciences\u00a0\u00bb. C&rsquo;est l&rsquo;occasion pour des \u00e9coles, des coll\u00e8ges et des lyc\u00e9es d&rsquo;exposer mais surtout de partager leur travaux dans le domaine de la culture scientifique. Ce \u00ab\u00a0Village des sciences\u00a0\u00bb est l\u2019occasion de d\u00e9couvrir, comprendre, d\u00e9battre sur les [&hellip;]<\/p>\n","protected":false},"author":1,"featured_media":75,"comment_status":"closed","ping_status":"open","sticky":false,"template":"","format":"standard","meta":{"footnotes":""},"categories":[9,4],"tags":[10,11],"class_list":["post-80","post","type-post","status-publish","format-standard","has-post-thumbnail","hentry","category-en-ariege","category-vds","tag-vds","tag-village-des-sciences"],"_links":{"self":[{"href":"https:\/\/www.pyrenes-sciences.fr\/wp0\/wp-json\/wp\/v2\/posts\/80","targetHints":{"allow":["GET"]}}],"collection":[{"href":"https:\/\/www.pyrenes-sciences.fr\/wp0\/wp-json\/wp\/v2\/posts"}],"about":[{"href":"https:\/\/www.pyrenes-sciences.fr\/wp0\/wp-json\/wp\/v2\/types\/post"}],"author":[{"embeddable":true,"href":"https:\/\/www.pyrenes-sciences.fr\/wp0\/wp-json\/wp\/v2\/users\/1"}],"replies":[{"embeddable":true,"href":"https:\/\/www.pyrenes-sciences.fr\/wp0\/wp-json\/wp\/v2\/comments?post=80"}],"version-history":[{"count":15,"href":"https:\/\/www.pyrenes-sciences.fr\/wp0\/wp-json\/wp\/v2\/posts\/80\/revisions"}],"predecessor-version":[{"id":401,"href":"https:\/\/www.pyrenes-sciences.fr\/wp0\/wp-json\/wp\/v2\/posts\/80\/revisions\/401"}],"wp:featuredmedia":[{"embeddable":true,"href":"https:\/\/www.pyrenes-sciences.fr\/wp0\/wp-json\/wp\/v2\/media\/75"}],"wp:attachment":[{"href":"https:\/\/www.pyrenes-sciences.fr\/wp0\/wp-json\/wp\/v2\/media?parent=80"}],"wp:term":[{"taxonomy":"category","embeddable":true,"href":"https:\/\/www.pyrenes-sciences.fr\/wp0\/wp-json\/wp\/v2\/categories?post=80"},{"taxonomy":"post_tag","embeddable":true,"href":"https:\/\/www.pyrenes-sciences.fr\/wp0\/wp-json\/wp\/v2\/tags?post=80"}],"curies":[{"name":"wp","href":"https:\/\/api.w.org\/{rel}","templated":true}]}}