{"id":51,"date":"2014-10-14T09:34:58","date_gmt":"2014-10-14T07:34:58","guid":{"rendered":"https:\/\/www.pyrenes-sciences.fr\/wp0\/?p=51"},"modified":"2020-10-02T19:25:25","modified_gmt":"2020-10-02T17:25:25","slug":"village-des-sciences-2014","status":"publish","type":"post","link":"https:\/\/www.pyrenes-sciences.fr\/wp0\/village-des-sciences-2014\/","title":{"rendered":"Village des Sciences 2014"},"content":{"rendered":"<p>Rendez-vous annuel des chercheurs, des scolaires et des acteurs de la culture scientifique et technique aux Forges de Pyr\u00e8ne \u00e0 Montgailhard, avec les jeunes et le grand public autour d\u2019animations, d\u2019expositions et de conf\u00e9rences sur des th\u00e8mes comme les \u00e9nergies pour tous, le d\u00e9veloppement durable, l\u2019astronomie, la biodiversit\u00e9, la physique, les sciences de l\u2019homme et de la soci\u00e9t\u00e9&#8230; un moment fort pour rencontrer, d\u00e9couvrir, partager.<a href=\"https:\/\/www.pyrenes-sciences.fr\/wp0\/wp-content\/uploads\/2014\/10\/logo2.jpg\"><img loading=\"lazy\" decoding=\"async\" class=\"alignnone size-full wp-image-39\" src=\"https:\/\/www.pyrenes-sciences.fr\/wp0\/wp-content\/uploads\/2014\/10\/logo2.jpg\" alt=\"logo2\" width=\"250\" height=\"250\" srcset=\"https:\/\/www.pyrenes-sciences.fr\/wp0\/wp-content\/uploads\/2014\/10\/logo2.jpg 250w, https:\/\/www.pyrenes-sciences.fr\/wp0\/wp-content\/uploads\/2014\/10\/logo2-150x150.jpg 150w, https:\/\/www.pyrenes-sciences.fr\/wp0\/wp-content\/uploads\/2014\/10\/logo2-55x55.jpg 55w\" sizes=\"auto, (max-width: 250px) 100vw, 250px\" \/><\/a><\/p>\n","protected":false},"excerpt":{"rendered":"<p>Rendez-vous annuel des chercheurs, des scolaires et des acteurs de la culture scientifique et technique aux Forges de Pyr\u00e8ne \u00e0 Montgailhard, avec les jeunes et le grand public autour d\u2019animations, d\u2019expositions et de conf\u00e9rences sur des th\u00e8mes comme les \u00e9nergies pour tous, le d\u00e9veloppement durable, l\u2019astronomie, la biodiversit\u00e9, la physique, les sciences de l\u2019homme et [&hellip;]<\/p>\n","protected":false},"author":1,"featured_media":39,"comment_status":"closed","ping_status":"closed","sticky":false,"template":"","format":"standard","meta":{"footnotes":""},"categories":[9,4],"tags":[],"class_list":["post-51","post","type-post","status-publish","format-standard","has-post-thumbnail","hentry","category-en-ariege","category-vds"],"_links":{"self":[{"href":"https:\/\/www.pyrenes-sciences.fr\/wp0\/wp-json\/wp\/v2\/posts\/51","targetHints":{"allow":["GET"]}}],"collection":[{"href":"https:\/\/www.pyrenes-sciences.fr\/wp0\/wp-json\/wp\/v2\/posts"}],"about":[{"href":"https:\/\/www.pyrenes-sciences.fr\/wp0\/wp-json\/wp\/v2\/types\/post"}],"author":[{"embeddable":true,"href":"https:\/\/www.pyrenes-sciences.fr\/wp0\/wp-json\/wp\/v2\/users\/1"}],"replies":[{"embeddable":true,"href":"https:\/\/www.pyrenes-sciences.fr\/wp0\/wp-json\/wp\/v2\/comments?post=51"}],"version-history":[{"count":3,"href":"https:\/\/www.pyrenes-sciences.fr\/wp0\/wp-json\/wp\/v2\/posts\/51\/revisions"}],"predecessor-version":[{"id":447,"href":"https:\/\/www.pyrenes-sciences.fr\/wp0\/wp-json\/wp\/v2\/posts\/51\/revisions\/447"}],"wp:featuredmedia":[{"embeddable":true,"href":"https:\/\/www.pyrenes-sciences.fr\/wp0\/wp-json\/wp\/v2\/media\/39"}],"wp:attachment":[{"href":"https:\/\/www.pyrenes-sciences.fr\/wp0\/wp-json\/wp\/v2\/media?parent=51"}],"wp:term":[{"taxonomy":"category","embeddable":true,"href":"https:\/\/www.pyrenes-sciences.fr\/wp0\/wp-json\/wp\/v2\/categories?post=51"},{"taxonomy":"post_tag","embeddable":true,"href":"https:\/\/www.pyrenes-sciences.fr\/wp0\/wp-json\/wp\/v2\/tags?post=51"}],"curies":[{"name":"wp","href":"https:\/\/api.w.org\/{rel}","templated":true}]}}