{"id":410,"date":"2020-10-02T15:04:42","date_gmt":"2020-10-02T13:04:42","guid":{"rendered":"https:\/\/www.pyrenes-sciences.fr\/wp0\/?p=410"},"modified":"2021-06-03T11:19:13","modified_gmt":"2021-06-03T09:19:13","slug":"nos-partenaires-habituels-du-village-des-sciences","status":"publish","type":"post","link":"https:\/\/www.pyrenes-sciences.fr\/wp0\/nos-partenaires-habituels-du-village-des-sciences\/","title":{"rendered":"Nos partenaires habituels du Village des Sciences"},"content":{"rendered":"\n<p lang=\"fr-FR\" align=\"CENTER\"><span style=\"color: #000000;\"><span style=\"font-family: Trebuchet MS, sans-serif;\"><span style=\"font-size: large;\">Ils ne pourront pas \u00eatre pr\u00e9sents physiquement cette ann\u00e9e mais vous pouvez les solliciter pour une intervention, une visite. Ils mettent aussi une grande vari\u00e9t\u00e9 de ressources en sciences ou en technologie \u00e0 la disposition des scolaires ou du grand public.<\/span><\/span><\/span><\/p>\n<p lang=\"fr-FR\" align=\"CENTER\"><a href=\"https:\/\/www.pyrenes-sciences.fr\/wp0\/wp-content\/uploads\/2014\/10\/LOGOS-FDS09.jpg\"><img loading=\"lazy\" decoding=\"async\" class=\"aligncenter size-medium wp-image-421\" src=\"https:\/\/www.pyrenes-sciences.fr\/wp0\/wp-content\/uploads\/2014\/10\/LOGOS-FDS09-300x198.jpg\" alt=\"\" width=\"300\" height=\"198\" srcset=\"https:\/\/www.pyrenes-sciences.fr\/wp0\/wp-content\/uploads\/2014\/10\/LOGOS-FDS09-300x198.jpg 300w, https:\/\/www.pyrenes-sciences.fr\/wp0\/wp-content\/uploads\/2014\/10\/LOGOS-FDS09-768x507.jpg 768w, https:\/\/www.pyrenes-sciences.fr\/wp0\/wp-content\/uploads\/2014\/10\/LOGOS-FDS09-75x50.jpg 75w, https:\/\/www.pyrenes-sciences.fr\/wp0\/wp-content\/uploads\/2014\/10\/LOGOS-FDS09.jpg 932w\" sizes=\"auto, (max-width: 300px) 100vw, 300px\" \/><\/a><\/p>\n<p lang=\"fr-FR\" align=\"CENTER\">Sans oublier notre partenaire MEDIA : <a href=\"http:\/\/www.azinat.com\" target=\"_blank\" rel=\"noopener noreferrer\"><img loading=\"lazy\" decoding=\"async\" class=\"aligncenter wp-image-425 size-full\" src=\"https:\/\/www.pyrenes-sciences.fr\/wp0\/wp-content\/uploads\/2020\/10\/azinat.jpg\" alt=\"\" width=\"200\" height=\"50\" \/><\/a><\/p>\n<table style=\"width: 100%; border-collapse: collapse;\" border=\"2\" cellspacing=\"5\" cellpadding=\"2\">\n<tbody>\n<tr>\n<td style=\"width: 63.1035%;\">\n<h4><a href=\"https:\/\/www.observatoire-sabarat.com\/\" target=\"_blank\" rel=\"noopener noreferrer\">\u00ab\u00a0OBSERVATOIRE ASTRONOMIQUE DE SABARAT\u00a0\u00bb<\/a><\/h4>\n<p>Association loi 1901<\/p>\n<p>OBJECTIFS\u00a0:<\/p>\n<ul>\n<li>\n<p>Procurer aux membres les moyens mat\u00e9riels et intellectuels n\u00e9cessaires \u00e0 la pratique de l&rsquo;observation astronomique.<\/p>\n<\/li>\n<li>\n<p>D\u00e9velopper l&rsquo;astronomie aupr\u00e8s de tout public et particuli\u00e8rement des jeunes dans leur cadre d&rsquo;activit\u00e9s scolaires et de loisirs.<\/p>\n<\/li>\n<li>\n<p>\u00catre un lieu de rencontres et d&rsquo;\u00e9changes entre les astronomes amateurs et professionnels<\/p>\n<\/li>\n<\/ul>\n<\/td>\n<td style=\"width: 36.8966%; text-align: center;\">\n<p>Observatoire astronomique de Sabarat<\/p>\n<p>Route de l&rsquo;observatoire &#8211; 09350 SABARAT<\/p>\n<p>T\u00e9l : 05.61.60.20.10 ou 07.82.01.63.12<br \/>contact@observatoire-sabarat.com<\/p>\n<\/td>\n<\/tr>\n<tr>\n<td style=\"width: 63.1035%;\">\n<h4 class=\"western\"><a href=\"https:\/\/xploria.com\/\" target=\"_blank\" rel=\"noopener noreferrer\">Xploria<br \/>La for\u00eat \u00e0 explorer le temps<\/a><\/h4>\n<p class=\"western\">Plongez \u00e0 la d\u00e9couverte du monde du vivant, de l\u2019origine des temps jusqu\u2019\u00e0 demain !<\/p>\n<p>Gr\u00e2ce \u00e0 un\u00a0parcours\u00a0nature\u00a0pens\u00e9 pour l\u2019aventure,\u00a0d\u00e9couvrez (sur\u00a0moins de 2 km) de mani\u00e8re ludique et scientifique\u00a0l\u2019histoire de la faune et de la flore.<\/p>\n<p>Xploria a \u00e9t\u00e9 con\u00e7u pour apprendre en s\u2019amusant l\u2019histoire d\u2019un patrimoine aussi bien universel que local :\u00a0la biodiversit\u00e9.<\/p>\n<\/td>\n<td style=\"width: 36.8966%; text-align: center;\">\n<p>Xploria<\/p>\n<p>For\u00eat de Castagn\u00e8s \u2013 Route de Sabarat<br \/>09 290 Le Mas-d\u2019Azil<br \/>T\u00e9l : <a href=\"tel:0561600369\" target=\"_blank\" rel=\"noopener noreferrer\">05 61 60 03 69<\/a><\/p>\n<p>M\u00e9l : <a href=\"mailto:contact@xploria.com\">contact@xploria.com<\/a><\/p>\n<\/td>\n<\/tr>\n<tr>\n<td style=\"width: 63.1035%;\">\n<h4><a href=\"https:\/\/grottesarcheologies.com\/\" target=\"_blank\" rel=\"noopener noreferrer\">Grottes et Arch\u00e9ologies Ari\u00e8ge Le Mas d\u2019Azil<\/a><\/h4>\n<p>L\u2019association Grottes&amp;Arch\u00e9ologies est cr\u00e9e en 2014, par les membres de l\u2019\u00e9quipe scientifique de la prospection th\u00e9matique du Mas d\u2019Azil.<\/p>\n<p>Deux d\u00e9marches sont essentielles au fonctionnement de la structure: la d\u00e9marche scientifique et la d\u00e9marche d\u2019\u00e9ducation populaire et citoyenne. Elles constituent les valeurs et les principes de l\u2019association.<\/p>\n<p>L\u2019objectif est de pr\u00e9senter cette belle aventure qu\u2019est l\u2019arch\u00e9ologie en marche, en train de se faire. Des phases de terrain \u00e0 la conception d\u2019ateliers pour les enfants, suivez-nous dans nos travaux, pas \u00e0 pas, d\u2019ici \u00e0 l\u2019autre bout du monde\u2026<\/p>\n<\/td>\n<td style=\"width: 36.8966%;\">\n<p>Association Grottes&amp;Arch\u00e9ologies,<\/p>\n<p>Mairie du Mas d\u2019Azil,<\/p>\n<p>Rue de Mouret \u2013 09290 &#8211; Le Mas d\u2019Azil<\/p>\n<p>ou 42 rue Antoine de Gargas B43 \u2013 31500 &#8211; Toulouse<\/p>\n<p>06.31.71.02.31<\/p>\n<p>grottes.archeologies@gmail.com<\/p>\n<\/td>\n<\/tr>\n<tr>\n<td style=\"width: 63.1035%;\">\n<h4><a href=\"http:\/\/www.museedutextileariege.fr\/\" target=\"_blank\" rel=\"noopener noreferrer\">Mus\u00e9e du Textile et<br \/>du peigne en corne<\/a><\/h4>\n<p>Voyagez au c\u0153ur de la mati\u00e8re et des \u00e9poques du moyen \u00e2ge au 21\u00e8me si\u00e8cle.<\/p>\n<p>La visite guid\u00e9e du mus\u00e9e est \u00e9toff\u00e9e de d\u00e9monstrations pour d\u00e9couvrir, tour \u00e0 tour, toutes les \u00e9tapes et processus de fabrication du tissu dans l\u2019ambiance et l\u2019atmosph\u00e8re conserv\u00e9es de la premi\u00e8re usine de Lavelanet qui abrite aujourd\u2019hui le mus\u00e9e.<\/p>\n<ul>\n<li>\n<p>Le secret des fibres et le filage de la laine.<\/p>\n<\/li>\n<li>\n<p>Le miracle des teintures et l\u2019alchimie des couleurs.<\/p>\n<\/li>\n<li>\n<p>La magie du tissage sur des m\u00e9tiers \u00e0 bras et des m\u00e9tiers m\u00e9caniques en \u00e9tat de marche.<\/p>\n<\/li>\n<li>\n<p>Vous verrez \u00e9galement fonctionner les cardes d\u2019une filature m\u00e9canique du 19 \u00e8me si\u00e8cle.<\/p>\n<\/li>\n<\/ul>\n<\/td>\n<td style=\"width: 36.8966%;\">\n<p>MTPC<\/p>\n<p>6, rue Jean Canal<br \/>09300 Lavelanet<\/p>\n<p><br \/>Mail : <a href=\"mailto:museedutextile@gmail.com\">museedutextile@gmail.com<\/a><\/p>\n<p>T\u00e9l\u00e9phone<\/p>\n<p>05 61 03 89 19<br \/>de 9h \u00e0 12h et de 14h \u00e0 18h<\/p>\n<\/td>\n<\/tr>\n<tr>\n<td style=\"width: 63.1035%;\">\n<h4><a href=\"https:\/\/sete-moulis-cnrs.fr\/fr\/\" target=\"_blank\" rel=\"noopener noreferrer\">CNRS Moulis<br \/>Station d\u2019\u00c9cologie Th\u00e9orique<br \/>et Exp\u00e9rimentale<\/a><\/h4>\n<p>La SETE (Station d\u2019Ecologie Th\u00e9orique et Exp\u00e9rimentale) est une Unit\u00e9 Mixte de Recherche du Centre National de la Recherche Scientifique (CNRS) et de l\u2019Universit\u00e9 Paul Sabatier \u00e0 Toulouse. Elle est implant\u00e9e sur les contreforts des Pyr\u00e9n\u00e9es centrales en Ari\u00e8ge sur la commune de Moulis<\/p>\n<p>La Station \u0153uvre au d\u00e9veloppement de connaissances nouvelles sur la biodiversit\u00e9, les \u00e9cosyst\u00e8mes et leur interaction avec les soci\u00e9t\u00e9s\u00a0pour\u00a0contribuer \u00e0 leur durabilit\u00e9 \u00e0 long terme, en utilisant des approches th\u00e9oriques et exp\u00e9rimentales.<\/p>\n<\/td>\n<td style=\"width: 36.8966%;\">\n<p>Station d\u2019Ecologie Th\u00e9orique et Exp\u00e9rimentale &#8211; CNRS UMR5321<br \/>2 route du CNRS &#8211; 09200 &#8211; Moulis<br \/><br \/><br \/><\/p>\n<p><a href=\"mailto:martine.angei@sete.cnrs.fr\">martine.angei@sete.cnrs.fr<\/a><\/p>\n<p align=\"LEFT\">05 61 04 03 60<\/p>\n<\/td>\n<\/tr>\n<tr>\n<td style=\"width: 63.1035%;\">\n<h4><a href=\"https:\/\/www.symarvalariege.fr\/\" target=\"_blank\" rel=\"noopener noreferrer\">Syndicat Mixte d&rsquo;Am\u00e9nagement des Rivi\u00e8res du Val d&rsquo;Ari\u00e8ge<\/a><\/h4>\n<p>Le SYMAR Val d\u2019Ari\u00e8ge est un syndicat de bassin versant*. Le Syndicat exerce la comp\u00e9tence GEMAPI (GEstion des Milieux Aquatiques et la Pr\u00e9vention des Innondations) sur le territoire de ses membres. Les missions relevant de la comp\u00e9tence GEMAPI sont nombreuses :<\/p>\n<ul>\n<li>\n<p>L&rsquo;am\u00e9nagement d&rsquo;un bassin ou d&rsquo;une fraction de bassin hydrographique ;<\/p>\n<\/li>\n<li>\n<p>L&rsquo;entretien et l&rsquo;am\u00e9nagement d&rsquo;un cours d&rsquo;eau, canal, lac ou plan d&rsquo;eau, y compris les acc\u00e8s \u00e0 ce cours d&rsquo;eau, \u00e0 ce canal, \u00e0 ce lac ou \u00e0 ce plan d&rsquo;eau ;<\/p>\n<\/li>\n<li>\n<p>La d\u00e9fense contre les inondations et contre la mer ;<\/p>\n<\/li>\n<li>\n<p>La protection et la restauration des sites, des \u00e9cosyst\u00e8mes aquatiques et des zones humides ainsi que des formations bois\u00e9es riveraines.<\/p>\n<\/li>\n<\/ul>\n<\/td>\n<td style=\"width: 36.8966%;\">\n<p><u>Si\u00e8ge administratif et technique<\/u><br \/>1, place de la Mairie\u00a0 09400 ARIGNAC<br \/>T\u00e9l : 05 61 05 92 37<\/p>\n<\/td>\n<\/tr>\n<tr>\n<td style=\"width: 63.1035%;\">\n<h4><a href=\"https:\/\/www.facebook.com\/apileze\/\" target=\"_blank\" rel=\"noopener noreferrer\">APILEZE<\/a><\/h4>\n<p>Association pour la promotion de la sauvegarde des abeilles et de l&rsquo;apiculture amateur en Vall\u00e9e de la L\u00e8ze<\/p>\n<\/td>\n<td style=\"width: 36.8966%;\">\n<p>06 33 32 75 15<\/p>\n<\/td>\n<\/tr>\n<tr>\n<td style=\"width: 63.1035%;\">\n<h4><a href=\"https:\/\/www.cds09.com\/\" target=\"_blank\" rel=\"noopener noreferrer\">Comit\u00e9 D\u00e9partemental de Sp\u00e9l\u00e9ologie de l&rsquo;Ari\u00e8ge<\/a><\/h4>\n<p>Le CDS09 regroupe une centaine de sp\u00e9l\u00e9ologues r\u00e9partis sur le territoire. \u00c0 la fois acteur de la sp\u00e9l\u00e9ologie pour la d\u00e9couverte de la discipline, pour la protection des milieux souterrains, pour la formation et le d\u00e9veloppement des comp\u00e9tences de ses membres ou encore r\u00e9f\u00e9rent pour la partie secours souterrains, le CDS09 est aujourd\u2019hui le repr\u00e9sentant de la F\u00e9d\u00e9ration Fran\u00e7aise de Sp\u00e9l\u00e9ologie en Ari\u00e8ge.<\/p>\n<\/td>\n<td style=\"width: 36.8966%;\"><a href=\"https:\/\/www.cds09.com\/contact\/\" target=\"_blank\" rel=\"noopener noreferrer\">\u00a0Contact CDS09<\/a><\/td>\n<\/tr>\n<tr>\n<td style=\"width: 63.1035%;\">\n<h4><a href=\"http:\/\/www.vivelascience.fr\/\" target=\"_blank\" rel=\"noopener noreferrer\">VIVE LA SCIENCE<\/a><\/h4>\n<p>Dans un monde toujours plus technique, mais o\u00f9 les jeunes ont tendance \u00e0 bouder les fili\u00e8res scientifiques, l&rsquo;association Vive la Science ! a pour but de rendre plus compr\u00e9hensible, plus accessible l&rsquo;\u00e9volution de nos sciences et techniques, voire de susciter des vocations.<\/p>\n<\/td>\n<td style=\"width: 36.8966%;\">\n<p>Association VIVE LA SCIENCE !<br \/>Mairie, place du Mar\u00e9chal Leclerc<br \/>09500 Mirepoix<\/p>\n<p>G\u00e9rard Letraublon, Pr\u00e9sident<br \/>Mail : gerard.letraublon@wanadoo.fr<\/p>\n<\/td>\n<\/tr>\n<tr>\n<td style=\"width: 63.1035%;\">\n<h4><a href=\"https:\/\/www.apmep.fr\/\" target=\"_blank\" rel=\"noopener noreferrer\">Association des Professeurs de Math\u00e9matiques de l\u2019Enseignement Public<\/a><\/h4>\n<p>L&rsquo;APMEP, fond\u00e9e en 1910 est une association qui repr\u00e9sente les enseignants de math\u00e9matiques de la maternelle \u00e0 l&rsquo;universit\u00e9.<\/p>\n<\/td>\n<td style=\"width: 36.8966%;\">\n<p>APMEP R\u00e9gionale de Toulouse Midi-Pyr\u00e9n\u00e9es<\/p>\n<p>Universit\u00e9 Toulouse III &#8211; Paul Sabatier<\/p>\n<p>Facult\u00e9 Sciences et Ing\u00e9nierie Institut de Recherche pour l\u2019Enseignement des Sciences B\u00e2t 3R1 &#8211; 3e \u00e9tage &#8211; Bureau 383<\/p>\n<p>118, route de Narbonne<br \/>31062 Toulouse cedex 09<\/p>\n<p>t\u00e9l\u00a0: 05.61.55.61.34<\/p>\n<p>apmep.tlse@ac-toulouse.fr<\/p>\n<\/td>\n<\/tr>\n<tr>\n<td style=\"width: 63.1035%;\">\n<h4><a href=\"http:\/\/www.smectom.fr\/\" target=\"_blank\" rel=\"noopener noreferrer\">SMECTOM du Plantaurel<\/a><\/h4>\n<p>Cr\u00e9\u00e9 en 1987, le Smectom du Plantaurel est le principal acteur de la <b>gestion des d\u00e9chets m\u00e9nagers et assimil\u00e9s<\/b> dans le d\u00e9partement de l\u2019Ari\u00e8ge.<\/p>\n<div id=\"d314\" dir=\"LTR\">\n<p>Au service de la population, il exerce une double mission ou comp\u00e9tence :<\/p>\n<ul>\n<li>\n<p>la <b>collecte<\/b> des d\u00e9chets\u00a0: pour 144 communes ;<\/p>\n<\/li>\n<li>\n<p>le <b>traitement<\/b> des d\u00e9chets\u00a0: pour 233 communes, soit environ 126 405 habitant\u00b7es.<\/p>\n<\/li>\n<\/ul>\n<p>Les d\u00e9chets collect\u00e9s et trait\u00e9s sont principalement ceux <b>des particuliers<\/b> ou \u00ab\u00a0m\u00e9nages\u00a0\u00bb, mais aussi, dans certaines limites et sous certaines conditions, d\u2019autres d\u00e9chets, appel\u00e9s <b>d\u00e9chets \u00ab\u00a0assimil\u00e9s\u00a0\u00bb<\/b>, provenant d\u2019activit\u00e9s \u00e9conomiques (commerce, artisanat, entreprises\u2026) ou autres (administrations, collectivit\u00e9s, associations\u2026).<\/p>\n<p>Par ailleurs, depuis quelques ann\u00e9es, le Smectom du Plantaurel met \u00e9galement en \u0153uvre sur son territoire un programme local de <b>pr\u00e9vention des d\u00e9chets<\/b> m\u00e9nagers et assimil\u00e9s.<\/p>\n<\/div>\n<\/td>\n<td style=\"width: 36.8966%;\">\n<h3 class=\"western\">SMECTOM &#8211; Site de Varilhes<\/h3>\n<p>Las Plantos &#8211; 09120 VARILHES<\/p>\n<p>05 61 68 02 02<br \/><a>contact@smectom.fr<\/a><\/p>\n<\/td>\n<\/tr>\n<tr>\n<td style=\"width: 63.1035%;\">\n<h4><a href=\"http:\/\/inspe.univ-toulouse.fr\/\" target=\"_blank\" rel=\"noopener noreferrer\">INSPE<\/a><\/h4>\n<dl>\n<dd>L\u2019Institut national sup\u00e9rieur du professorat et de l&rsquo;\u00e9ducation de Toulouse Occitanie-Pyr\u00e9n\u00e9es (Insp\u00e9) est une composante de l&rsquo;Universit\u00e9 Toulouse Jean Jaur\u00e8s <br \/>Implant\u00e9 dans huit d\u00e9partements de la R\u00e9gion Occitanie ,ses activit\u00e9s de formation initiale, continu\u00e9e et continue des futurs enseignants et des personnels d\u2019\u00e9ducation sont ainsi dispens\u00e9es sur tout le territoire de l\u2019Acad\u00e9mie.<\/dd>\n<\/dl>\n<\/td>\n<td style=\"width: 36.8966%;\">\n<dl>\n<dd>INSPE<\/dd>\n<dd>4, avenue Raoul Lafagette<br \/>09000 FOIX<\/dd>\n<dd>05 61 02 19 90<\/dd>\n<\/dl>\n<\/td>\n<\/tr>\n<tr>\n<td style=\"width: 63.1035%;\">\n<h4><a href=\"https:\/\/www.reseau-canope.fr\/academie-de-toulouse\/atelier-canope-09-foix\" target=\"_blank\" rel=\"noopener noreferrer\">CANOPE<\/a><\/h4>\n<p>Renforcer l\u2019action de la communaut\u00e9 \u00e9ducative en faveur de la r\u00e9ussite des \u00e9l\u00e8ves : telle est la mission fondatrice de R\u00e9seau Canop\u00e9. Op\u00e9rateur public pr\u00e9sent sur l\u2019ensemble du territoire, R\u00e9seau Canop\u00e9 joue un r\u00f4le d\u00e9cisif dans la refondation de l\u2019\u00e9cole en intervenant dans cinq domaines cl\u00e9s : p\u00e9dagogie ; num\u00e9rique \u00e9ducatif ; \u00e9ducation et citoyennet\u00e9 ; arts, culture et patrimoine ; documentation.<br \/>R\u00e9seau Canop\u00e9 s\u2019investit au quotidien aupr\u00e8s des acteurs de l\u2019\u00e9ducation, pour placer son expertise au service de ceux qui \u0153uvrent chaque jour pour la r\u00e9ussite de tous les \u00e9l\u00e8ves.<\/p>\n<\/td>\n<td style=\"width: 36.8966%;\">\n<p><span lang=\"fr-FR\">CANOPE Ari\u00e8ge<\/span><\/p>\n<p><span lang=\"fr-FR\">4 Rue Raoul Lafagette, 09000 Foix<\/span><\/p>\n<p><span lang=\"fr-FR\">05 61 02 19 83<\/span><\/p>\n<p><a href=\"mailto:contact.atelier09@reseau-canope.fr\">contact.atelier09@reseau-canope.fr<\/a><\/p>\n<\/td>\n<\/tr>\n<tr>\n<td style=\"width: 63.1035%;\">\n<h4><a href=\"http:\/\/www.forges-de-pyrene.com\/\" target=\"_blank\" rel=\"noopener noreferrer\">Forges de Pyr\u00e8ne<\/a><\/h4>\n<p>Dans un cadre bucolique, un parc ombrag\u00e9 de 5 hectares, travers\u00e9 par une rivi\u00e8re, se niche un village inoubli\u00e9\u2026 Un village d\u2019antan mais bien vivant o\u00f9 les m\u00e9tiers et outils d\u2019autrefois reprennent une place de choix. \u00c0 5 km de Foix, venez vivre un temps d\u2019Histoire aupr\u00e8s de Philippe (Z\u00e9z\u00e9), Fabien, David et Fr\u00e9do les c\u00e9l\u00e8bres forgeron, sabotier, boulanger et ma\u00eetre d\u2019\u00e9cole du site. Ils l\u00e8vent le voile sur les gestes et m\u00e9thodes d\u2019une \u00e9poque r\u00e9volue mais \u00f4 combien r\u00e9volutionnaire.<br \/>L\u2019espace mus\u00e9ographie et sa collection de 5 000 outils vient parfaire une visite riche de moments \u00e0 partager.<br \/>Petits et grands vont adorer !<\/p>\n<\/td>\n<td style=\"width: 36.8966%;\">\n<p>Les Forges de Pyr\u00e8ne<\/p>\n<p>Route de Paris<br \/>09330 MONTGAILHARD<br \/>05 34 09 30 60<br \/><a href=\"mailto:info@forges-de-pyrene.com\">info@forges-de-pyrene.com<\/a><\/p>\n<\/td>\n<\/tr>\n<tr>\n<td style=\"width: 63.1035%;\">\n<h4><a href=\"https:\/\/www.parc-pyrenees-ariegeoises.fr\/\" target=\"_blank\" rel=\"noopener noreferrer\">PNR des Pyr\u00e8n\u00e9es ari\u00e9geoises<\/a><\/h4>\n<p>Un Parc naturel r\u00e9gional est un territoire rural habit\u00e9 dont la faune, la flore, les milieux, les paysages, l\u2019architecture, le patrimoine culturel, les savoir-faire sont reconnus nationalement pour leurs qualit\u00e9s remarquables.<\/p>\n<p>Ensemble, les \u00e9lus (communes, D\u00e9partement, R\u00e9gion) cr\u00e9ent un Parc naturel r\u00e9gional pour mettre en \u0153uvre des actions visant \u00e0 pr\u00e9server ces patrimoines ainsi qu\u2019\u00e0 d\u00e9velopper durablement ce territoire.<\/p>\n<\/td>\n<td style=\"width: 36.8966%;\">\n<h2 class=\"western\">Parc naturel r\u00e9gional Pyr\u00e9n\u00e9es Ari\u00e9geoises<\/h2>\n<p>P\u00f4le d\u2019activit\u00e9s \u2013 Ferme d\u2019Icart \u2013 09240 MONTELS<\/p>\n<p>T\u00e9l. : 05 61 02 71 69<\/p>\n<p>info@parc-pyrenees-ariegeoises.fr<\/p>\n<\/td>\n<\/tr>\n<tr>\n<td style=\"width: 63.1035%;\">\n<h4><a href=\"https:\/\/www.anateep.fr\/en-region\/occitanie\/adateep-de-l-ariege-09\" target=\"_blank\" rel=\"noopener noreferrer\">Association D\u00e9partementale pour les Transports \u00c9ducatifs de l&rsquo;Enseignement Public<\/a><\/h4>\n<p>L&rsquo;ANATEEP, cr\u00e9\u00e9e en 1964, reconnue comme association compl\u00e9mentaire de l&rsquo;enseignement public organise des op\u00e9rations d&rsquo;\u00e9ducation \u00e0 la s\u00e9curit\u00e9 et \u00e0 la citoyennet\u00e9.<\/p>\n<\/td>\n<td style=\"width: 36.8966%;\">\n<p>ADATEEP 09,<\/p>\n<p>chez M. Jean-Luc BONNER\u00a0<\/p>\n<p>3 route de Ton 09120 Dalou<\/p>\n<\/td>\n<\/tr>\n<\/tbody>\n<\/table>\n\n\n\n<p>&nbsp;<\/p>\n<p>&nbsp;<\/p>\n","protected":false},"excerpt":{"rendered":"<p>Ils ne pourront pas \u00eatre pr\u00e9sents physiquement cette ann\u00e9e mais vous pouvez les solliciter pour une intervention, une visite. Ils mettent aussi une grande vari\u00e9t\u00e9 de ressources en sciences ou en technologie \u00e0 la disposition des scolaires ou du grand public. Sans oublier notre partenaire MEDIA : \u00ab\u00a0OBSERVATOIRE ASTRONOMIQUE DE SABARAT\u00a0\u00bb Association loi 1901 OBJECTIFS\u00a0: [&hellip;]<\/p>\n","protected":false},"author":1,"featured_media":0,"comment_status":"closed","ping_status":"open","sticky":false,"template":"","format":"standard","meta":{"footnotes":""},"categories":[6],"tags":[],"class_list":["post-410","post","type-post","status-publish","format-standard","hentry","category-partenaires"],"_links":{"self":[{"href":"https:\/\/www.pyrenes-sciences.fr\/wp0\/wp-json\/wp\/v2\/posts\/410","targetHints":{"allow":["GET"]}}],"collection":[{"href":"https:\/\/www.pyrenes-sciences.fr\/wp0\/wp-json\/wp\/v2\/posts"}],"about":[{"href":"https:\/\/www.pyrenes-sciences.fr\/wp0\/wp-json\/wp\/v2\/types\/post"}],"author":[{"embeddable":true,"href":"https:\/\/www.pyrenes-sciences.fr\/wp0\/wp-json\/wp\/v2\/users\/1"}],"replies":[{"embeddable":true,"href":"https:\/\/www.pyrenes-sciences.fr\/wp0\/wp-json\/wp\/v2\/comments?post=410"}],"version-history":[{"count":21,"href":"https:\/\/www.pyrenes-sciences.fr\/wp0\/wp-json\/wp\/v2\/posts\/410\/revisions"}],"predecessor-version":[{"id":680,"href":"https:\/\/www.pyrenes-sciences.fr\/wp0\/wp-json\/wp\/v2\/posts\/410\/revisions\/680"}],"wp:attachment":[{"href":"https:\/\/www.pyrenes-sciences.fr\/wp0\/wp-json\/wp\/v2\/media?parent=410"}],"wp:term":[{"taxonomy":"category","embeddable":true,"href":"https:\/\/www.pyrenes-sciences.fr\/wp0\/wp-json\/wp\/v2\/categories?post=410"},{"taxonomy":"post_tag","embeddable":true,"href":"https:\/\/www.pyrenes-sciences.fr\/wp0\/wp-json\/wp\/v2\/tags?post=410"}],"curies":[{"name":"wp","href":"https:\/\/api.w.org\/{rel}","templated":true}]}}